{"id":104512,"date":"2025-01-15T10:27:34","date_gmt":"2025-01-15T13:27:34","guid":{"rendered":"https:\/\/ativeagencia.com.br\/radiomais\/?p=104512"},"modified":"2025-01-16T10:29:45","modified_gmt":"2025-01-16T13:29:45","slug":"draco-de-santa-rosa-atua-na-repressao-ao-crime-patrimonial","status":"publish","type":"post","link":"https:\/\/ativeagencia.com.br\/radiomais\/2025\/01\/15\/draco-de-santa-rosa-atua-na-repressao-ao-crime-patrimonial\/","title":{"rendered":"Draco de Santa Rosa atua na repress\u00e3o ao crime patrimonial"},"content":{"rendered":"<p>Equipes da Delegacia de Repress\u00e3o \u00e0s A\u00e7\u00f5es Criminosas Organizadas (Draco) de Santa Rosa, vem atuando a fim de diminuir os \u00edndices de crimes patrimoniais na regi\u00e3o.<\/p>\n<p>Em recentes a\u00e7\u00f5es, coordenadas pelo delegado titular Delv\u00e9quio Kronbauer e pela delegada Josiane Froehlich, os policiais recuperaram produtos de furtos, como aparelhos de celulares, entre outros itens.<\/p>\n<p>Nesta ter\u00e7a-feira (14), a equipe da Draco prendeu um homem de 28 anos. Ele era investigado pela pr\u00e1tica de diversos furtos qualificados em Santa Rosa.<\/p>\n<p>Na semana passada, os policiais j\u00e1 haviam identificado um suspeito pela pr\u00e1tica de furto qualificado, recuperando um celular, avaliado em R$ 2 mil, um Iphone, avaliado em R$ 8 mil e uma betoneira, avaliada em R$ 6 mil.<\/p>\n<p>Conforme a Draco, as a\u00e7\u00f5es contam tamb\u00e9m com o apoio da comunidade, que pode fazer den\u00fancias via Whatsapp: (55) 984288666. A pol\u00edcia garante o sigilo total do denunciante.<\/p>\n","protected":false},"excerpt":{"rendered":"<p>Equipes da Delegacia de Repress\u00e3o \u00e0s A\u00e7\u00f5es Criminosas Organizadas (Draco) de Santa Rosa, vem atuando a fim de diminuir os \u00edndices de crimes patrimoniais na regi\u00e3o. Em recentes a\u00e7\u00f5es, coordenadas pelo delegado titular Delv\u00e9quio Kronbauer e pela delegada Josiane Froehlich, os policiais recuperaram produtos de furtos, como aparelhos de celulares, entre outros itens. Nesta ter\u00e7a-feira [&hellip;]<\/p>\n","protected":false},"author":2,"featured_media":104513,"comment_status":"open","ping_status":"open","sticky":false,"template":"","format":"standard","meta":{"footnotes":""},"categories":[16,43],"tags":[],"class_list":["post-104512","post","type-post","status-publish","format-standard","has-post-thumbnail","hentry","category-destaque","category-policia"],"_links":{"self":[{"href":"https:\/\/ativeagencia.com.br\/radiomais\/wp-json\/wp\/v2\/posts\/104512","targetHints":{"allow":["GET"]}}],"collection":[{"href":"https:\/\/ativeagencia.com.br\/radiomais\/wp-json\/wp\/v2\/posts"}],"about":[{"href":"https:\/\/ativeagencia.com.br\/radiomais\/wp-json\/wp\/v2\/types\/post"}],"author":[{"embeddable":true,"href":"https:\/\/ativeagencia.com.br\/radiomais\/wp-json\/wp\/v2\/users\/2"}],"replies":[{"embeddable":true,"href":"https:\/\/ativeagencia.com.br\/radiomais\/wp-json\/wp\/v2\/comments?post=104512"}],"version-history":[{"count":1,"href":"https:\/\/ativeagencia.com.br\/radiomais\/wp-json\/wp\/v2\/posts\/104512\/revisions"}],"predecessor-version":[{"id":104514,"href":"https:\/\/ativeagencia.com.br\/radiomais\/wp-json\/wp\/v2\/posts\/104512\/revisions\/104514"}],"wp:featuredmedia":[{"embeddable":true,"href":"https:\/\/ativeagencia.com.br\/radiomais\/wp-json\/wp\/v2\/media\/104513"}],"wp:attachment":[{"href":"https:\/\/ativeagencia.com.br\/radiomais\/wp-json\/wp\/v2\/media?parent=104512"}],"wp:term":[{"taxonomy":"category","embeddable":true,"href":"https:\/\/ativeagencia.com.br\/radiomais\/wp-json\/wp\/v2\/categories?post=104512"},{"taxonomy":"post_tag","embeddable":true,"href":"https:\/\/ativeagencia.com.br\/radiomais\/wp-json\/wp\/v2\/tags?post=104512"}],"curies":[{"name":"wp","href":"https:\/\/api.w.org\/{rel}","templated":true}]}}