{"id":104515,"date":"2025-01-14T13:30:42","date_gmt":"2025-01-14T16:30:42","guid":{"rendered":"https:\/\/ativeagencia.com.br\/radiomais\/?p=104515"},"modified":"2025-01-16T10:33:41","modified_gmt":"2025-01-16T13:33:41","slug":"aumento-do-salario-dos-servidores-em-pauta-na-camara-de-santa-rosa","status":"publish","type":"post","link":"https:\/\/ativeagencia.com.br\/radiomais\/2025\/01\/14\/aumento-do-salario-dos-servidores-em-pauta-na-camara-de-santa-rosa\/","title":{"rendered":"Aumento do sal\u00e1rio dos servidores em pauta na C\u00e2mara de Santa Rosa"},"content":{"rendered":"<p>Os 15 vereadores que integram o Legislativo santa-rosense, participaram na manh\u00e3 de ter\u00e7a-feira (14) de sess\u00e3o extraordin\u00e1ria convocada pela Comiss\u00e3o Representativa, presidida pelo vereador Timirinho (Progressistas).<\/p>\n<p>Eles participaram da primeira das duas reuni\u00f5es convocadas, para recebimento, aprecia\u00e7\u00e3o e vota\u00e7\u00e3o de projetos de leis encaminhados pelo Executivo e pela pr\u00f3pria C\u00e2mara de Vereadores, e que tratam da revis\u00e3o geral anual dos sal\u00e1rios dos servidores p\u00fablicos municipais, concess\u00e3o de ganho real, aumento no vale alimenta\u00e7\u00e3o e tamb\u00e9m de altera\u00e7\u00e3o do valor da bolsa aux\u00edlio para estudantes remunerados que trabalham junto ao poder p\u00fablico municipal.<\/p>\n<p>A segunda sess\u00e3o extraordin\u00e1ria, ser\u00e1 na manh\u00e3 de quinta-feira (16), quando os projetos ser\u00e3o colocados em discuss\u00e3o e vota\u00e7\u00e3o.<\/p>\n<p>Conforme a proposta, os servidores dever\u00e3o ter 4,77% de reajuste a seus sal\u00e1rios e mais 1% de ganho real, totalizando 5,77% de aumento salarial. Tamb\u00e9m ser\u00e1 reajustado o vale-alimenta\u00e7\u00e3o dos servidores, que passar\u00e1 de R$ 600,00 para R$ 660,00 por m\u00eas, com aumento de 10% e os valores pagos aos estagi\u00e1rios estudantes remunerados que passar\u00e3o a contar com uma bolsa aux\u00edlio de R$ 1.300,00 para turno de 6h di\u00e1rias de trabalho.<\/p>\n<p>Os vereadores, secret\u00e1rios, prefeito e vice-prefeito n\u00e3o recebem o aumento, pois tiveram os subs\u00eddios fixados de uma legislatura para outra e que os valores fixados passam a vigorar a partir de 1\u00ba de janeiro de 2025.<\/p>\n<p>A sess\u00e3o extraordin\u00e1ria foi necess\u00e1ria, j\u00e1 que em janeiro, tradicionalmente, a C\u00e2mara de Santa Rosa est\u00e1 em recesso parlamentar de 30 dias e de que o aumento deve ser implantada j\u00e1 na folha de pagamento deste m\u00eas, conforme solicita\u00e7\u00e3o do Prefeito Municipal.<\/p>\n<p>A primeira sess\u00e3o ordin\u00e1ria de 2025 acontecer\u00e1 no dia 3 de fevereiro.<\/p>\n","protected":false},"excerpt":{"rendered":"<p>Os 15 vereadores que integram o Legislativo santa-rosense, participaram na manh\u00e3 de ter\u00e7a-feira (14) de sess\u00e3o extraordin\u00e1ria convocada pela Comiss\u00e3o Representativa, presidida pelo vereador Timirinho (Progressistas). Eles participaram da primeira das duas reuni\u00f5es convocadas, para recebimento, aprecia\u00e7\u00e3o e vota\u00e7\u00e3o de projetos de leis encaminhados pelo Executivo e pela pr\u00f3pria C\u00e2mara de Vereadores, e que tratam [&hellip;]<\/p>\n","protected":false},"author":2,"featured_media":104516,"comment_status":"open","ping_status":"open","sticky":false,"template":"","format":"standard","meta":{"footnotes":""},"categories":[16,13],"tags":[],"class_list":["post-104515","post","type-post","status-publish","format-standard","has-post-thumbnail","hentry","category-destaque","category-geral"],"_links":{"self":[{"href":"https:\/\/ativeagencia.com.br\/radiomais\/wp-json\/wp\/v2\/posts\/104515","targetHints":{"allow":["GET"]}}],"collection":[{"href":"https:\/\/ativeagencia.com.br\/radiomais\/wp-json\/wp\/v2\/posts"}],"about":[{"href":"https:\/\/ativeagencia.com.br\/radiomais\/wp-json\/wp\/v2\/types\/post"}],"author":[{"embeddable":true,"href":"https:\/\/ativeagencia.com.br\/radiomais\/wp-json\/wp\/v2\/users\/2"}],"replies":[{"embeddable":true,"href":"https:\/\/ativeagencia.com.br\/radiomais\/wp-json\/wp\/v2\/comments?post=104515"}],"version-history":[{"count":1,"href":"https:\/\/ativeagencia.com.br\/radiomais\/wp-json\/wp\/v2\/posts\/104515\/revisions"}],"predecessor-version":[{"id":104517,"href":"https:\/\/ativeagencia.com.br\/radiomais\/wp-json\/wp\/v2\/posts\/104515\/revisions\/104517"}],"wp:featuredmedia":[{"embeddable":true,"href":"https:\/\/ativeagencia.com.br\/radiomais\/wp-json\/wp\/v2\/media\/104516"}],"wp:attachment":[{"href":"https:\/\/ativeagencia.com.br\/radiomais\/wp-json\/wp\/v2\/media?parent=104515"}],"wp:term":[{"taxonomy":"category","embeddable":true,"href":"https:\/\/ativeagencia.com.br\/radiomais\/wp-json\/wp\/v2\/categories?post=104515"},{"taxonomy":"post_tag","embeddable":true,"href":"https:\/\/ativeagencia.com.br\/radiomais\/wp-json\/wp\/v2\/tags?post=104515"}],"curies":[{"name":"wp","href":"https:\/\/api.w.org\/{rel}","templated":true}]}}