{"id":104520,"date":"2025-01-20T08:03:18","date_gmt":"2025-01-20T11:03:18","guid":{"rendered":"https:\/\/ativeagencia.com.br\/radiomais\/?p=104520"},"modified":"2025-01-20T08:03:18","modified_gmt":"2025-01-20T11:03:18","slug":"deputado-propoe-reducao-na-idade-minima-para-candidaturas","status":"publish","type":"post","link":"https:\/\/ativeagencia.com.br\/radiomais\/2025\/01\/20\/deputado-propoe-reducao-na-idade-minima-para-candidaturas\/","title":{"rendered":"Deputado prop\u00f5e redu\u00e7\u00e3o na idade m\u00ednima para candidaturas"},"content":{"rendered":"<p style=\"font-weight: 400;\">O deputado federal por Minas Gerais, Eros Biondini (PL), apresentou na C\u00e2mara Federal, nesta quinta-feira (16), uma Proposta de Emenda \u00e0 Constitui\u00e7\u00e3o (PEC) que busca reduzir de 35 para 30 anos a idade m\u00ednima para elegibilidade nos cargos ao Senado e a Presid\u00eancia da Rep\u00fablica.<\/p>\n<p style=\"font-weight: 400;\">A PEC tamb\u00e9m pretende reduzir a idade m\u00ednima para governadores de 30 para 28 anos, e deputados, prefeitos e vice-prefeitos de 21 para 20 anos. Apenas a idade m\u00ednima para vereadores, que \u00e9 de 18 anos, permaneceria inalterada.<\/p>\n<p style=\"font-weight: 400;\">A iniciativa, segundo o parlamentar, visa aumentar a participa\u00e7\u00e3o de jovens na pol\u00edtica brasileira. Para ele, o protagonismo dos jovens \u00e9 cada vez maior nos dias atuais e, por tanto, a idade para a disputa eleitoral de cargos eletivos pode diminuir.<\/p>\n<p style=\"font-weight: 400;\">A proposta de Eros Biondini pode abrir caminho para que seu conterr\u00e2neo e colega parlamentar pelo estado mineiro, Nikolas Ferreira (PL) possa concorrer a presidente da Rep\u00fablica j\u00e1 em 2026. Nikolas, que foi o deputado mais votado do pa\u00eds na \u00faltima elei\u00e7\u00e3o, tem 28 anos.<\/p>\n<p style=\"font-weight: 400;\">A PEC precisa obter o apoio de 171 parlamentares para ser formalmente protocolada. Em seguida, ser analisada pela Comiss\u00e3o de Constitui\u00e7\u00e3o e Justi\u00e7a e de Cidadania (CCJC) da C\u00e2mara, que avalia sua admissibilidade. Caso passe por essa etapa, a PEC ser\u00e1 encaminhada a uma comiss\u00e3o especial para an\u00e1lise de m\u00e9rito e, posteriormente, ao Plen\u00e1rio da C\u00e2mara, onde precisar\u00e1 ser aprovada em dois turnos com o voto de 3\/5 dos deputados (308 votos favor\u00e1veis em cada turno).<\/p>\n<p style=\"font-weight: 400;\">Se aprovada na C\u00e2mara, a PEC seguir\u00e1 para o Senado, onde tamb\u00e9m passar\u00e1 por vota\u00e7\u00f5es em dois turnos. Se receber o aval das duas Casas Legislativas, ser\u00e1 promulgada como emenda constitucional.<\/p>\n","protected":false},"excerpt":{"rendered":"<p>O deputado federal por Minas Gerais, Eros Biondini (PL), apresentou na C\u00e2mara Federal, nesta quinta-feira (16), uma Proposta de Emenda \u00e0 Constitui\u00e7\u00e3o (PEC) que busca reduzir de 35 para 30 anos a idade m\u00ednima para elegibilidade nos cargos ao Senado e a Presid\u00eancia da Rep\u00fablica. A PEC tamb\u00e9m pretende reduzir a idade m\u00ednima para governadores [&hellip;]<\/p>\n","protected":false},"author":2,"featured_media":104521,"comment_status":"open","ping_status":"open","sticky":false,"template":"","format":"standard","meta":{"footnotes":""},"categories":[16,17],"tags":[],"class_list":["post-104520","post","type-post","status-publish","format-standard","has-post-thumbnail","hentry","category-destaque","category-politica"],"_links":{"self":[{"href":"https:\/\/ativeagencia.com.br\/radiomais\/wp-json\/wp\/v2\/posts\/104520","targetHints":{"allow":["GET"]}}],"collection":[{"href":"https:\/\/ativeagencia.com.br\/radiomais\/wp-json\/wp\/v2\/posts"}],"about":[{"href":"https:\/\/ativeagencia.com.br\/radiomais\/wp-json\/wp\/v2\/types\/post"}],"author":[{"embeddable":true,"href":"https:\/\/ativeagencia.com.br\/radiomais\/wp-json\/wp\/v2\/users\/2"}],"replies":[{"embeddable":true,"href":"https:\/\/ativeagencia.com.br\/radiomais\/wp-json\/wp\/v2\/comments?post=104520"}],"version-history":[{"count":2,"href":"https:\/\/ativeagencia.com.br\/radiomais\/wp-json\/wp\/v2\/posts\/104520\/revisions"}],"predecessor-version":[{"id":104523,"href":"https:\/\/ativeagencia.com.br\/radiomais\/wp-json\/wp\/v2\/posts\/104520\/revisions\/104523"}],"wp:featuredmedia":[{"embeddable":true,"href":"https:\/\/ativeagencia.com.br\/radiomais\/wp-json\/wp\/v2\/media\/104521"}],"wp:attachment":[{"href":"https:\/\/ativeagencia.com.br\/radiomais\/wp-json\/wp\/v2\/media?parent=104520"}],"wp:term":[{"taxonomy":"category","embeddable":true,"href":"https:\/\/ativeagencia.com.br\/radiomais\/wp-json\/wp\/v2\/categories?post=104520"},{"taxonomy":"post_tag","embeddable":true,"href":"https:\/\/ativeagencia.com.br\/radiomais\/wp-json\/wp\/v2\/tags?post=104520"}],"curies":[{"name":"wp","href":"https:\/\/api.w.org\/{rel}","templated":true}]}}