{"id":104524,"date":"2025-01-20T10:27:11","date_gmt":"2025-01-20T13:27:11","guid":{"rendered":"https:\/\/ativeagencia.com.br\/radiomais\/?p=104524"},"modified":"2025-01-20T10:27:11","modified_gmt":"2025-01-20T13:27:11","slug":"agco-demite-51-trabalhadores-e-anuncia-ferias-coletivas","status":"publish","type":"post","link":"https:\/\/ativeagencia.com.br\/radiomais\/2025\/01\/20\/agco-demite-51-trabalhadores-e-anuncia-ferias-coletivas\/","title":{"rendered":"AGCO demite 51 trabalhadores e anuncia f\u00e9rias coletivas"},"content":{"rendered":"<p>A AGCO, unidade de Santa Rosa, confirmou a demiss\u00e3o de 51 trabalhadores. A medida, segundo a empresa, \u00e9 uma estrat\u00e9gia para readequar os n\u00edveis de produ\u00e7\u00e3o \u00e0s atuais demandas do mercado.<\/p>\n<p>Conforme o Sindicato dos Trabalhadores Metal\u00fargicos de Santa Rosa, as demiss\u00f5es ocorreram em diversas \u00e1reas da f\u00e1brica, com maior impacto no setor de produ\u00e7\u00e3o, abrangendo atividades como manuten\u00e7\u00e3o, solda, montagem e pintura.<\/p>\n<p>No ano passado a ind\u00fastria j\u00e1 havia adotado o programa Lay-off, com a paralisa\u00e7\u00e3o tempor\u00e1ria. A empresa deve realizar paralisa\u00e7\u00f5es adicionais em mar\u00e7o e junho para antecipa\u00e7\u00e3o de f\u00e9rias e f\u00e9rias coletivas.<\/p>\n<p>Em nota, a AGCO destacou que a decis\u00e3o foi necess\u00e1ria para que a empresa continue operando de maneira s\u00f3lida e cumpra seus compromissos com colaboradores e fornecedores, ao mesmo tempo em que mant\u00e9m sua capacidade de entregar solu\u00e7\u00f5es agr\u00edcolas modernas aos seus clientes.<\/p>\n","protected":false},"excerpt":{"rendered":"<p>A AGCO, unidade de Santa Rosa, confirmou a demiss\u00e3o de 51 trabalhadores. A medida, segundo a empresa, \u00e9 uma estrat\u00e9gia para readequar os n\u00edveis de produ\u00e7\u00e3o \u00e0s atuais demandas do mercado. Conforme o Sindicato dos Trabalhadores Metal\u00fargicos de Santa Rosa, as demiss\u00f5es ocorreram em diversas \u00e1reas da f\u00e1brica, com maior impacto no setor de produ\u00e7\u00e3o, [&hellip;]<\/p>\n","protected":false},"author":2,"featured_media":104525,"comment_status":"open","ping_status":"open","sticky":false,"template":"","format":"standard","meta":{"footnotes":""},"categories":[16,22],"tags":[],"class_list":["post-104524","post","type-post","status-publish","format-standard","has-post-thumbnail","hentry","category-destaque","category-economia"],"_links":{"self":[{"href":"https:\/\/ativeagencia.com.br\/radiomais\/wp-json\/wp\/v2\/posts\/104524","targetHints":{"allow":["GET"]}}],"collection":[{"href":"https:\/\/ativeagencia.com.br\/radiomais\/wp-json\/wp\/v2\/posts"}],"about":[{"href":"https:\/\/ativeagencia.com.br\/radiomais\/wp-json\/wp\/v2\/types\/post"}],"author":[{"embeddable":true,"href":"https:\/\/ativeagencia.com.br\/radiomais\/wp-json\/wp\/v2\/users\/2"}],"replies":[{"embeddable":true,"href":"https:\/\/ativeagencia.com.br\/radiomais\/wp-json\/wp\/v2\/comments?post=104524"}],"version-history":[{"count":2,"href":"https:\/\/ativeagencia.com.br\/radiomais\/wp-json\/wp\/v2\/posts\/104524\/revisions"}],"predecessor-version":[{"id":104527,"href":"https:\/\/ativeagencia.com.br\/radiomais\/wp-json\/wp\/v2\/posts\/104524\/revisions\/104527"}],"wp:featuredmedia":[{"embeddable":true,"href":"https:\/\/ativeagencia.com.br\/radiomais\/wp-json\/wp\/v2\/media\/104525"}],"wp:attachment":[{"href":"https:\/\/ativeagencia.com.br\/radiomais\/wp-json\/wp\/v2\/media?parent=104524"}],"wp:term":[{"taxonomy":"category","embeddable":true,"href":"https:\/\/ativeagencia.com.br\/radiomais\/wp-json\/wp\/v2\/categories?post=104524"},{"taxonomy":"post_tag","embeddable":true,"href":"https:\/\/ativeagencia.com.br\/radiomais\/wp-json\/wp\/v2\/tags?post=104524"}],"curies":[{"name":"wp","href":"https:\/\/api.w.org\/{rel}","templated":true}]}}